{"id":4595,"__str__":"Indica\u00e7\u00e3o n\u00ba 740 de 2009","link_detail_backend":"/materia/4595","metadata":{},"numero":740,"ano":2009,"numero_protocolo":null,"data_apresentacao":"2009-07-29","tipo_apresentacao":"E","data_publicacao":null,"numero_origem_externa":"","ano_origem_externa":null,"data_origem_externa":null,"apelido":"","dias_prazo":null,"data_fim_prazo":null,"em_tramitacao":false,"polemica":false,"objeto":"","complementar":false,"ementa":"EXTENS\u00c3O DA REDE DE ENERGIA EL\u00c9TRICA NA RUA CARA\u00cdBAS, NOS JARDINS COLONIAL I E II.","indexacao":"","observacao":"","resultado":"","texto_original":null,"data_ultima_atualizacao":"2018-12-12T11:54:34.742497-02:00","ip":"","ultima_edicao":null,"tipo":8,"regime_tramitacao":1,"tipo_origem_externa":null,"local_origem_externa":null,"user":null,"anexadas":[],"autores":[33]}