{"id":17983,"__str__":"Indica\u00e7\u00e3o n\u00ba 283 de 2021","link_detail_backend":"/materia/17983","metadata":{},"numero":283,"ano":2021,"numero_protocolo":null,"data_apresentacao":"2021-03-19","tipo_apresentacao":"E","data_publicacao":null,"numero_origem_externa":"","ano_origem_externa":null,"data_origem_externa":null,"apelido":"","dias_prazo":null,"data_fim_prazo":null,"em_tramitacao":false,"polemica":false,"objeto":"","complementar":false,"ementa":"Melhorias na sinaliza\u00e7\u00e3o de tr\u00e2nsito no entroncamento da Avenida Central do Paran\u00e1 com as ruas Col\u00f4mbia, Panam\u00e1 e Maria da Concei\u00e7\u00e3o Vieira, no Jardim Diamantina.","indexacao":"","observacao":"","resultado":"","texto_original":null,"data_ultima_atualizacao":"2021-04-15T13:32:05.590258-03:00","ip":"191.250.180.53","ultima_edicao":"2021-03-22T11:21:54.208024-03:00","tipo":8,"regime_tramitacao":1,"tipo_origem_externa":null,"local_origem_externa":null,"user":40,"anexadas":[],"autores":[91]}