{"id":11507,"__str__":"Requerimento n\u00ba 63 de 2014","link_detail_backend":"/materia/11507","metadata":{},"numero":63,"ano":2014,"numero_protocolo":null,"data_apresentacao":"2014-06-16","tipo_apresentacao":"E","data_publicacao":null,"numero_origem_externa":"","ano_origem_externa":null,"data_origem_externa":null,"apelido":"","dias_prazo":null,"data_fim_prazo":null,"em_tramitacao":false,"polemica":false,"objeto":"","complementar":false,"ementa":"PEDIDO DE INFORMA\u00c7\u00c3O AO PREFEITO MUNICIPAL SOBRE O FUNCIONAMENTO DOS SEM\u00c1FOROS INSTALADOS NA AVENIDA GOVERNADOR ROBERTO DA SILVEIRA, NO ACESSO PARA O N\u00daCLEO HABITACIONAL PAPA JO\u00c3O PAULO I E NA AVENIDA MINAS GERAIS, NO ACESSO PARA O JARDIM DIAMANTINA E PARQUE BELA VISTA.","indexacao":"","observacao":"","resultado":"","texto_original":null,"data_ultima_atualizacao":"2018-12-12T11:54:35.635956-02:00","ip":"","ultima_edicao":null,"tipo":3,"regime_tramitacao":1,"tipo_origem_externa":null,"local_origem_externa":null,"user":null,"anexadas":[],"autores":[40]}