{"id":167,"__str__":"Audi\u00eancia P\u00fablica de Presta\u00e7\u00e3o de Contas do Executivo Municipal do Terceiro Quadrimestre/2025","link_detail_backend":"/audiencia/167","metadata":{},"numero":143,"ano":2026,"nome":"Audi\u00eancia P\u00fablica de Presta\u00e7\u00e3o de Contas do Executivo Municipal do Terceiro Quadrimestre/2025","tema":"Audi\u00eancia P\u00fablica","data":"2026-02-24","hora_inicio":"18:47","hora_fim":"19:40","observacao":"","audiencia_cancelada":false,"url_audio":"","url_video":"https://www.youtube.com/watch?v=j3MiQ0b9u2E&t=12s","upload_pauta":null,"upload_ata":null,"upload_anexo":null,"materia":null,"tipo":1,"parlamentar_autor":null,"requerimento":null}