{"id":166,"__str__":"Audi\u00eancia P\u00fablica de Presta\u00e7\u00e3o de Contas da Autarquia Municipal de Sa\u00fade do Terceiro Quadrimestre/2025.","link_detail_backend":"/audiencia/166","metadata":{},"numero":142,"ano":2026,"nome":"Audi\u00eancia P\u00fablica de Presta\u00e7\u00e3o de Contas da Autarquia Municipal de Sa\u00fade do Terceiro Quadrimestre/2025.","tema":"Audi\u00eancia P\u00fablica","data":"2026-02-24","hora_inicio":"18:02","hora_fim":"18:45","observacao":"","audiencia_cancelada":false,"url_audio":"","url_video":"https://www.youtube.com/watch?v=jF031fjem7I&t=233s","upload_pauta":null,"upload_ata":null,"upload_anexo":null,"materia":null,"tipo":1,"parlamentar_autor":null,"requerimento":null}